{"id":2150,"date":"2021-10-20T16:08:49","date_gmt":"2021-10-20T14:08:49","guid":{"rendered":"http:\/\/www.irongym.cz\/?p=2150"},"modified":"2021-10-20T16:08:51","modified_gmt":"2021-10-20T14:08:51","slug":"lekce-hiit-opet-v-nabidce","status":"publish","type":"post","link":"https:\/\/www.irongym.cz\/?p=2150","title":{"rendered":"Lekce  HIIT op\u011bt v nab\u00eddce :)"},"content":{"rendered":"\n<p class=\"has-text-align-center\"><strong>Pro velk\u00fd z\u00e1jem op\u011bt za\u0159azujeme do nab\u00eddky skupinov\u00fdch lekc\u00ed intervalov\u00fd HIIT tr\u00e9nink se Sab\u010dou.<\/strong><\/p>\n\n\n\n<figure class=\"wp-block-image size-large\"><a href=\"https:\/\/www.irongym.cz\/wp-content\/uploads\/2021\/10\/HIIT-CARDIO-zari-2018.png\"><img loading=\"lazy\" decoding=\"async\" width=\"1024\" height=\"763\" src=\"https:\/\/www.irongym.cz\/wp-content\/uploads\/2021\/10\/HIIT-CARDIO-zari-2018-1024x763.png\" alt=\"\" class=\"wp-image-2151\" srcset=\"https:\/\/www.irongym.cz\/wp-content\/uploads\/2021\/10\/HIIT-CARDIO-zari-2018-1024x763.png 1024w, https:\/\/www.irongym.cz\/wp-content\/uploads\/2021\/10\/HIIT-CARDIO-zari-2018-300x223.png 300w, https:\/\/www.irongym.cz\/wp-content\/uploads\/2021\/10\/HIIT-CARDIO-zari-2018-768x572.png 768w, https:\/\/www.irongym.cz\/wp-content\/uploads\/2021\/10\/HIIT-CARDIO-zari-2018.png 1332w\" sizes=\"auto, (max-width: 1024px) 100vw, 1024px\" \/><\/a><\/figure>\n\n\n\n<figure class=\"wp-block-image size-large\"><a href=\"https:\/\/www.irongym.cz\/wp-content\/uploads\/2021\/10\/rozpis-velkeho-salu-rijen-2021.jpg\"><img loading=\"lazy\" decoding=\"async\" width=\"584\" height=\"746\" src=\"https:\/\/www.irongym.cz\/wp-content\/uploads\/2021\/10\/rozpis-velkeho-salu-rijen-2021.jpg\" alt=\"\" class=\"wp-image-2148\" srcset=\"https:\/\/www.irongym.cz\/wp-content\/uploads\/2021\/10\/rozpis-velkeho-salu-rijen-2021.jpg 584w, https:\/\/www.irongym.cz\/wp-content\/uploads\/2021\/10\/rozpis-velkeho-salu-rijen-2021-235x300.jpg 235w\" sizes=\"auto, (max-width: 584px) 100vw, 584px\" \/><\/a><\/figure>\n","protected":false},"excerpt":{"rendered":"<p>Pro velk\u00fd z\u00e1jem op\u011bt za\u0159azujeme do nab\u00eddky skupinov\u00fdch lekc\u00ed intervalov\u00fd HIIT tr\u00e9nink se Sab\u010dou.<\/p>\n","protected":false},"author":1,"featured_media":0,"comment_status":"open","ping_status":"open","sticky":false,"template":"","format":"standard","meta":{"footnotes":""},"categories":[1],"tags":[],"class_list":["post-2150","post","type-post","status-publish","format-standard","hentry","category-nezarazene"],"_links":{"self":[{"href":"https:\/\/www.irongym.cz\/index.php?rest_route=\/wp\/v2\/posts\/2150","targetHints":{"allow":["GET"]}}],"collection":[{"href":"https:\/\/www.irongym.cz\/index.php?rest_route=\/wp\/v2\/posts"}],"about":[{"href":"https:\/\/www.irongym.cz\/index.php?rest_route=\/wp\/v2\/types\/post"}],"author":[{"embeddable":true,"href":"https:\/\/www.irongym.cz\/index.php?rest_route=\/wp\/v2\/users\/1"}],"replies":[{"embeddable":true,"href":"https:\/\/www.irongym.cz\/index.php?rest_route=%2Fwp%2Fv2%2Fcomments&post=2150"}],"version-history":[{"count":1,"href":"https:\/\/www.irongym.cz\/index.php?rest_route=\/wp\/v2\/posts\/2150\/revisions"}],"predecessor-version":[{"id":2152,"href":"https:\/\/www.irongym.cz\/index.php?rest_route=\/wp\/v2\/posts\/2150\/revisions\/2152"}],"wp:attachment":[{"href":"https:\/\/www.irongym.cz\/index.php?rest_route=%2Fwp%2Fv2%2Fmedia&parent=2150"}],"wp:term":[{"taxonomy":"category","embeddable":true,"href":"https:\/\/www.irongym.cz\/index.php?rest_route=%2Fwp%2Fv2%2Fcategories&post=2150"},{"taxonomy":"post_tag","embeddable":true,"href":"https:\/\/www.irongym.cz\/index.php?rest_route=%2Fwp%2Fv2%2Ftags&post=2150"}],"curies":[{"name":"wp","href":"https:\/\/api.w.org\/{rel}","templated":true}]}}